{"id":6576,"date":"2021-09-02T13:14:38","date_gmt":"2021-09-02T12:14:38","guid":{"rendered":"https:\/\/holalemania.de\/vitoria-machado"},"modified":"2021-09-02T13:53:44","modified_gmt":"2021-09-02T12:53:44","slug":"vitoria-machado","status":"publish","type":"post","link":"https:\/\/holalemania.de\/pt-pt\/vitoria-machado\/","title":{"rendered":"Vit\u00f3ria Machado, 26 anos, enfermeira portuguesa na Alemanha"},"content":{"rendered":"<div class=\"wpb-content-wrapper\"><p>[vc_row][vc_column][vc_single_image image=&#8221;6561&#8243; img_size=&#8221;full&#8221; alignment=&#8221;center&#8221;][vc_column_text]<span style=\"font-family: Montserrat;\">A enfermeira Vit\u00f3ria est\u00e1 grata pelas possibilidades existentes de apoio \u00e0 mobilidade e emprego na Europa. \u201cJuntos somos mais fortes\u201d \u2013 estas foram as palavras que escreveu numa carta dirigida \u00e0 Presidente da Comiss\u00e3o Europeia e que marcaram a cimeira de Maio 2021 no Porto. <\/span><\/p>\n<p><a href=\"https:\/\/youtu.be\/V21V2WcIZ1c\"><strong><span style=\"font-family: Montserrat;\">Veja aqui: https:\/\/youtu.be\/V21V2WcIZ1c<\/span><\/strong><\/a><\/p>\n<p><span style=\"font-family: Montserrat;\">A Holalemania teve o prazer de falar com a Vit\u00f3ria sobre a sua motiva\u00e7\u00e3o e decis\u00e3o em mudar-se para a Alemanha.<\/span><\/p>\n<p><span style=\"font-family: Montserrat;\"><strong>Holalemania:<\/strong> Come\u00e7amos por te dar os parab\u00e9ns pela men\u00e7\u00e3o honrosa no discurso da <\/span><span style=\"font-family: Montserrat;\">Presidente da Comiss\u00e3o Europeia. Como te sentes e o que te levou a escrever tal carta? \u00a0<\/span><\/p>\n<p><span style=\"font-family: Montserrat;\">Estou muito contente por saber que a minha carta foi mencionada e grata pelas palavras da Sra. Ursula von der Leyen, Presidente da Comiss\u00e3o Europeia. A carta teve como finalidade agradecer os apoios existentes para a mobilidade na Europa desde a reloca\u00e7\u00e3o, apoio lingu\u00edstico e reconhecimento profissional.<\/span><\/p>\n<p><span style=\"font-family: Montserrat;\"><strong>Holalemania:<\/strong> Porqu\u00ea a Alemanha? <\/span><\/p>\n<p><span style=\"font-family: Montserrat;\">A Alemanha \u00e9 um pa\u00eds central na Europa e tem uma grande oferta de oportunidades de trabalho. A l\u00edngua alem\u00e3 tamb\u00e9m \u00e9 falada noutros pa\u00edses como Su\u00ed\u00e7a, o que torna a sua aprendizagem ben\u00e9fica. Inicialmente ponderei ir para outros pa\u00edses europeus, no entanto tomei a decis\u00e3o de aprender uma l\u00edngua nova com o objetivo em obter o m\u00e1ximo partido desta experi\u00eancia. O desejo de uma melhor qualidade de vida e equil\u00edbrio entre trabalho e tempo de lazer, com recursos aos apoios sociais da Uni\u00e3o Europeia, contribu\u00edram para a minha decis\u00e3o.<\/span><\/p>\n<p><span style=\"font-family: Montserrat;\"><strong>Holalemania:<\/strong> Qual \u00e9 o maior desafio encontrado na transi\u00e7\u00e3o e integra\u00e7\u00e3o na Alemanha? <\/span><\/p>\n<p><span style=\"font-family: Montserrat;\">O principal desafio encontrado \u00e9 a barreira lingu\u00edsta, pelo que \u00e9 fundamental a aprendizagem desta antes de partir, a fim de ser um meio facilitador na integra\u00e7\u00e3o profissional, social e pessoal. Quanto melhor a prepara\u00e7\u00e3o lingu\u00edsta, mais f\u00e1cil ser\u00e1 a integra\u00e7\u00e3o.<\/span><\/p>\n<p><span style=\"font-family: Montserrat;\"><strong>Holalemania:<\/strong> O que valorizas mais nesta experi\u00eancia? <\/span><\/p>\n<p><span style=\"font-family: Montserrat;\">Sinto-me feliz por estar na Alemanha, \u00e9 um pa\u00eds que oferece v\u00e1rias oportunidades de carreira. Com esta experi\u00eancia internacional aprendi muito a n\u00edvel profissional e pessoal. Apesar dos desafios encontrados, o equil\u00edbrio entre trabalho e lazer continua a compensar. Para al\u00e9m disso, o facto de ter vindo com uma empresa especializada nestas quest\u00f5es como a Holalemania \u00e9 um apoio importante, principalmente nos primeiros meses. Est\u00e3o sempre dispon\u00edveis para nos ajudar e tirar d\u00favidas, mesmo que saiam do \u00e2mbito da mobilidade de trabalho.<\/span><\/p>\n<p><span style=\"font-family: Montserrat;\"><strong>Holalemania:<\/strong> Queres deixar algum conselho aos enfermeiros interessados neste tipo de experi\u00eancia? <\/span><\/p>\n<p><span style=\"font-family: Montserrat;\">Para todos os interessados, o meu conselho \u00e9 experimentarem. A situa\u00e7\u00e3o atual em que vivem j\u00e1 a conhecem, ent\u00e3o porque n\u00e3o experimentar outro pa\u00eds, local de trabalho, l\u00edngua, cultura, amigos? Abram-se \u00e0 possibilidade de conhecerem outras realidades e com 1 ano de mobilidade \u00e9 o suficiente para perceberem se pretendem manter-se na Alemanha.<\/span><\/p>\n<p><span style=\"font-family: Montserrat;\">A experi\u00eancia internacional traz-nos n\u00e3o s\u00f3 um crescimento laboral, social e pessoal como tamb\u00e9m econ\u00f3mico e cultural.<\/span>[\/vc_column_text][\/vc_column][\/vc_row]<\/p>\n<\/div>","protected":false},"excerpt":{"rendered":"<p>Vit\u00f3ria Machado, 26 anos, enfermeira portuguesa na Alemanha&#8230;<\/p>\n","protected":false},"author":1,"featured_media":6564,"comment_status":"closed","ping_status":"closed","sticky":false,"template":"","format":"standard","meta":{"_acf_changed":false,"footnotes":""},"categories":[55],"tags":[],"class_list":["post-6576","post","type-post","status-publish","format-standard","has-post-thumbnail","hentry","category-esperienze-pt-pt"],"acf":[],"_links":{"self":[{"href":"https:\/\/holalemania.de\/pt-pt\/wp-json\/wp\/v2\/posts\/6576","targetHints":{"allow":["GET"]}}],"collection":[{"href":"https:\/\/holalemania.de\/pt-pt\/wp-json\/wp\/v2\/posts"}],"about":[{"href":"https:\/\/holalemania.de\/pt-pt\/wp-json\/wp\/v2\/types\/post"}],"author":[{"embeddable":true,"href":"https:\/\/holalemania.de\/pt-pt\/wp-json\/wp\/v2\/users\/1"}],"replies":[{"embeddable":true,"href":"https:\/\/holalemania.de\/pt-pt\/wp-json\/wp\/v2\/comments?post=6576"}],"version-history":[{"count":2,"href":"https:\/\/holalemania.de\/pt-pt\/wp-json\/wp\/v2\/posts\/6576\/revisions"}],"predecessor-version":[{"id":6582,"href":"https:\/\/holalemania.de\/pt-pt\/wp-json\/wp\/v2\/posts\/6576\/revisions\/6582"}],"wp:featuredmedia":[{"embeddable":true,"href":"https:\/\/holalemania.de\/pt-pt\/wp-json\/wp\/v2\/media\/6564"}],"wp:attachment":[{"href":"https:\/\/holalemania.de\/pt-pt\/wp-json\/wp\/v2\/media?parent=6576"}],"wp:term":[{"taxonomy":"category","embeddable":true,"href":"https:\/\/holalemania.de\/pt-pt\/wp-json\/wp\/v2\/categories?post=6576"},{"taxonomy":"post_tag","embeddable":true,"href":"https:\/\/holalemania.de\/pt-pt\/wp-json\/wp\/v2\/tags?post=6576"}],"curies":[{"name":"wp","href":"https:\/\/api.w.org\/{rel}","templated":true}]}}