{"id":6575,"date":"2021-09-02T13:14:38","date_gmt":"2021-09-02T12:14:38","guid":{"rendered":"https:\/\/holalemania.de\/vitoria-machado"},"modified":"2021-09-02T13:57:31","modified_gmt":"2021-09-02T12:57:31","slug":"vitoria-machado","status":"publish","type":"post","link":"https:\/\/holalemania.de\/it\/vitoria-machado\/","title":{"rendered":"Vit\u00f3ria Machado, 26 anni, un&#8217;infermiera portoghese in Germania"},"content":{"rendered":"<div class=\"wpb-content-wrapper\"><p>[vc_row][vc_column][vc_single_image image=&#8221;6561&#8243; img_size=&#8221;full&#8221; alignment=&#8221;center&#8221;][vc_column_text]<span style=\"font-family: Montserrat;\">L&#8217;infermiera Vit\u00f3ria \u00e8 grata per le possibilit\u00e0 esistenti per sostenere la mobilit\u00e0 e il lavoro in Europa. &#8220;Insieme siamo pi\u00f9 forti&#8221; &#8211; queste sono state le sue parole in una lettera al presidente della Commissione europea, che ha segnato il vertice di maggio 2021 a Porto. <\/span><\/p>\n<p><strong><span style=\"font-family: Montserrat;\">Vedi qui il video: <a href=\"https:\/\/youtu.be\/V21V2WcIZ1c\">https:\/\/youtu.be\/V21V2WcIZ1c<\/a><\/span><\/strong><\/p>\n<p><span style=\"font-family: Montserrat;\">Holalemania ha avuto il piacere di parlare con Victoria della sua motivazione e della sua decisione di trasferirsi in Germania.<\/span><\/p>\n<p><span style=\"font-family: Montserrat;\"><strong>Holalemania:<\/strong> Iniziamo congratulandoci per la menzione d&#8217;onore nel discorso della<\/span><\/p>\n<p><span style=\"font-family: Montserrat;\">Presidente della Commissione Europea. Come ti senti e cosati ha spinta a scrivere una tale lettera?\u00a0<\/span><\/p>\n<p><span style=\"font-family: Montserrat;\">Sono molto felice di sapere che la mia lettera \u00e8 stata menzionata e sono molto grata per le parole della signora Ursula von der Leyen, presidente della Commissione europea. La lettera era per ringraziarla dei supporti esistenti per la mobilit\u00e0 in Europa, dal trasferimento, al supporto linguistico e al riconoscimento professionale.<\/span><\/p>\n<p><span style=\"font-family: Montserrat;\"><strong>Holalemania:<\/strong> Perch\u00e9 la Germania?<\/span><\/p>\n<p><span style=\"font-family: Montserrat;\">La Germania \u00e8 un paese centrale in Europa e ha una grande offerta di opportunit\u00e0 lavorative. La lingua tedesca \u00e8 parlata anche in altri paesi come la Svizzera, il che rende vantaggioso il suo apprendimento. Inizialmente avevo pensato di andare in altri paesi europei, ma ho preso la decisione di imparare una nuova lingua per ottenere il massimo da questa esperienza. Il desiderio di una migliore qualit\u00e0 di vita e di un equilibrio tra lavoro e tempo libero, con risorse per il sostegno sociale da parte dell&#8217;Unione europea, ha contribuito alla mia decisione.<\/span><\/p>\n<p><span style=\"font-family: Montserrat;\"><strong>Holalemania:<\/strong> Qual \u00e8 la pi\u00f9 grande sfida incontrata nella transizione e integrazione in Germania?<\/span><\/p>\n<p><span style=\"font-family: Montserrat;\">La sfida principale \u00e8 la barriera linguistica, per cui \u00e8 fondamentale impararla prima di partire, per facilitare l&#8217;integrazione professionale, sociale e personale. Migliore \u00e8 la preparazione linguistica, pi\u00f9 facile sar\u00e0 l&#8217;integrazione.<\/span><\/p>\n<p><span style=\"font-family: Montserrat;\"><strong>Holalemania:<\/strong> Cosa apprezzi di pi\u00f9 in questa esperienza?<\/span><\/p>\n<p><span style=\"font-family: Montserrat;\">Sono molto felice di essere in Germania, \u00e8 un paese che offre diverse opportunit\u00e0 di carriera. Con questa esperienza internazionale ho imparato molto a livello professionale e personale. Nonostante le sfide incontrate, l&#8217;equilibrio tra lavoro e tempo libero paga ancora. Inoltre, il fatto di essere venuta con un&#8217;azienda specializzata in queste cose, come Holalemania, \u00e8 un sostegno importante, soprattutto per i primi mesi. Holalemania \u00e8 sempre disponibile ad aiutarci e a chiarire qualsiasi dubbio.<\/span><\/p>\n<p><span style=\"font-family: Montserrat;\"><strong>Holalemania:<\/strong> Vuole lasciare qualche consiglio agli infermieri e alle infermiere interessati a questo tipo di esperienza?<\/span><\/p>\n<p><span style=\"font-family: Montserrat;\">Per tutti coloro che sono interessati, il mio consiglio \u00e8 di provare. Conosci gi\u00e0 la tua situazione attuale, quindi perch\u00e9 non provare un altro paese, luogo di lavoro, lingua, cultura, amici? Aprirsi alla possibilit\u00e0 di conoscere altre realt\u00e0 e gi\u00e0 1 anno di mobilit\u00e0 \u00e8 sufficiente per capire se davvero si vuole rimanere in Germania.<\/span><\/p>\n<p><span style=\"font-family: Montserrat;\">L&#8217;esperienza internazionale ci porta non solo una crescita lavorativa, sociale e personale, ma anche economica e culturale.<\/span>[\/vc_column_text][\/vc_column][\/vc_row]<\/p>\n<\/div>","protected":false},"excerpt":{"rendered":"<p>Vit\u00f3ria Machado, 26 anni, un&#8217;infermiera portoghese in Germania&#8230;<\/p>\n","protected":false},"author":1,"featured_media":6563,"comment_status":"closed","ping_status":"closed","sticky":false,"template":"","format":"standard","meta":{"_acf_changed":false,"footnotes":""},"categories":[45],"tags":[],"class_list":["post-6575","post","type-post","status-publish","format-standard","has-post-thumbnail","hentry","category-esperienze"],"acf":[],"_links":{"self":[{"href":"https:\/\/holalemania.de\/it\/wp-json\/wp\/v2\/posts\/6575","targetHints":{"allow":["GET"]}}],"collection":[{"href":"https:\/\/holalemania.de\/it\/wp-json\/wp\/v2\/posts"}],"about":[{"href":"https:\/\/holalemania.de\/it\/wp-json\/wp\/v2\/types\/post"}],"author":[{"embeddable":true,"href":"https:\/\/holalemania.de\/it\/wp-json\/wp\/v2\/users\/1"}],"replies":[{"embeddable":true,"href":"https:\/\/holalemania.de\/it\/wp-json\/wp\/v2\/comments?post=6575"}],"version-history":[{"count":2,"href":"https:\/\/holalemania.de\/it\/wp-json\/wp\/v2\/posts\/6575\/revisions"}],"predecessor-version":[{"id":6584,"href":"https:\/\/holalemania.de\/it\/wp-json\/wp\/v2\/posts\/6575\/revisions\/6584"}],"wp:featuredmedia":[{"embeddable":true,"href":"https:\/\/holalemania.de\/it\/wp-json\/wp\/v2\/media\/6563"}],"wp:attachment":[{"href":"https:\/\/holalemania.de\/it\/wp-json\/wp\/v2\/media?parent=6575"}],"wp:term":[{"taxonomy":"category","embeddable":true,"href":"https:\/\/holalemania.de\/it\/wp-json\/wp\/v2\/categories?post=6575"},{"taxonomy":"post_tag","embeddable":true,"href":"https:\/\/holalemania.de\/it\/wp-json\/wp\/v2\/tags?post=6575"}],"curies":[{"name":"wp","href":"https:\/\/api.w.org\/{rel}","templated":true}]}}